{"id":5210,"date":"2025-06-06T11:51:28","date_gmt":"2025-06-06T10:51:28","guid":{"rendered":"https:\/\/kosztolanyigimnazium.hu\/?p=5210"},"modified":"2025-06-06T11:51:29","modified_gmt":"2025-06-06T10:51:29","slug":"kedves-szulok","status":"publish","type":"post","link":"https:\/\/kosztolanyigimnazium.hu\/?p=5210","title":{"rendered":"Kedves Sz\u00fcl\u0151k!\u00a0"},"content":{"rendered":"\n<p>Ez\u00faton t\u00e1j\u00e9koztatom \u00d6n\u00f6ket arr\u00f3l, hogy a Budapesti I. ker\u00fcleti Budav\u00e1ri \u00d6nkorm\u00e1nyzat ebben az&nbsp;\u00e9vben is megszervezi a ker\u00fcleti ny\u00e1ri napk\u00f6zis t\u00e1bort. Az I. ker\u00fcletben \u00e9l\u0151 illetve I. ker\u00fcleti int\u00e9zm\u00e9nyben tanul\u00f3, \u00e1ltal\u00e1nos iskol\u00e1s kor\u00fa (6-14&nbsp;\u00e9ves) gyermekek r\u00e9sz\u00e9re 7 h\u00e9ten kereszt\u00fcl biztos\u00edtja az \u00f6nkorm\u00e1nyzat a tartalmas vak\u00e1ci\u00f3t.&nbsp;<\/p>\n\n\n\n<p>A&nbsp;<strong>t\u00e1bor helye<\/strong><strong>:&nbsp;<\/strong><strong>Lisznyai utcai \u00c1ltal\u00e1nos Iskola&nbsp;<\/strong>&#8211;&nbsp;1016&nbsp;<strong>Budapest<\/strong>,&nbsp;<strong>Lisznyai u. 40-42<\/strong>.&nbsp;<\/p>\n\n\n\n<p><strong>A t\u00e1bor vezet\u0151j\u00e9nek neve \u00e9s a t\u00e1boroztat\u00e1s id\u0151pontja<\/strong>:&nbsp;<\/p>\n\n\n\n<p>Gubekn\u00e9 Ber\u00e9nyi Krisztina \u00c9va (2025.&nbsp;j\u00falius&nbsp;1.&nbsp;\u00e9s j\u00falius 4. k\u00f6z\u00f6tt)&nbsp;<\/p>\n\n\n\n<p>Lezs\u00e1k Barbara (2025. j\u00falius 7. \u00e9s j\u00falius 11. k\u00f6z\u00f6tt)&nbsp;<\/p>\n\n\n\n<p>Pint\u00e9r Annam\u00e1ria (2025. j\u00falius 14. \u00e9s j\u00falius 18., valamint augusztus 4.&nbsp;\u00e9s&nbsp;augusztus 8. k\u00f6z\u00f6tt)&nbsp;Zsilinszky \u00c9va (2025.&nbsp;j\u00falius 21. \u00e9s j\u00falius&nbsp;25.,&nbsp;valamint j\u00falius 28. \u00e9s augusztus 1. k\u00f6z\u00f6tt)&nbsp;<\/p>\n\n\n\n<p>Menyh\u00e1rt Dzsenifer (2025. augusztus 11. \u00e9s augusztus 15. k\u00f6z\u00f6tt)&nbsp;<\/p>\n\n\n\n<p><strong>A t\u00e1bor \u00fczemeltet\u00e9se alatti foglalkoz\u00e1sok id\u0151tartama<\/strong>:&nbsp;<\/p>\n\n\n\n<p><strong>2025. j\u00falius 1. napj\u00e1t\u00f3l (kedd) 2025. augusztus 15<\/strong>-ig tart\u00f3 id\u0151szak alatt&nbsp;<strong>h\u00e9tf\u0151t\u0151l cs\u00fct\u00f6rt\u00f6kig 8:00-16:00 \u00f3r\u00e1ig&nbsp;<\/strong><\/p>\n\n\n\n<p><strong>p\u00e9nteken 8:00&nbsp;<\/strong><strong>&#8211;&nbsp;<\/strong><strong>15:00 \u00f3r\u00e1ig&nbsp;<\/strong><\/p>\n\n\n\n<p><strong>\u00dcgyeletek&nbsp;<\/strong>a&nbsp;<strong>t\u00e1borban:&nbsp;<\/strong>\u00fczemeltet\u00e9si napokon reggel 7:15-8:00 \u00f3ra k\u00f6z\u00f6tt&nbsp;<\/p>\n\n\n\n<p>d\u00e9lut\u00e1n 17:00 \u00f3r\u00e1ig (p\u00e9nteken 16:00 \u00f3r\u00e1ig)&nbsp;<\/p>\n\n\n\n<p><strong>A t\u00e1bor&nbsp;<\/strong>a&nbsp;<strong>szombati&nbsp;<\/strong>\u00e9s&nbsp;<strong>vas\u00e1rnapi napokon z\u00e1rva tart!&nbsp;<\/strong><\/p>\n\n\n\n<p>Nyilatkozat<\/p><iframe loading=\"lazy\" src=\"https:\/\/drive.google.com\/file\/d\/1uPj-yTeMaUzdlnXSH0Aui9j-V1l2rHlQ\/preview\" width=\"640\" height=\"480\" allow=\"autoplay\"><\/iframe>\n\n\n\n<p>T\u00e1j\u00e9koztat\u00f3<\/p><iframe loading=\"lazy\" src=\"https:\/\/drive.google.com\/file\/d\/1DuKYMrCFA182E-Ep2wC1gEa_MENgIWND\/preview\" width=\"640\" height=\"480\" allow=\"autoplay\"><\/iframe>\n\n\n\n<p>Jelentkez\u00e9si lap<\/p><iframe loading=\"lazy\" src=\"https:\/\/drive.google.com\/file\/d\/1c8dcyhzv7TeQAGi1giRBMTZNa6bcyFCK\/preview\" width=\"640\" height=\"480\" allow=\"autoplay\"><\/iframe>\n\n\n\n<p>Adatlap<\/p><iframe loading=\"lazy\" src=\"https:\/\/drive.google.com\/file\/d\/1ldhUcIwcyODW86Z0AJMZjjY-4Pq2cxUQ\/preview\" width=\"640\" height=\"480\" allow=\"autoplay\"><\/iframe>\n","protected":false},"excerpt":{"rendered":"<p>Ez\u00faton t\u00e1j\u00e9koztatom \u00d6n\u00f6ket arr\u00f3l, hogy a Budapesti I. ker\u00fcleti Budav\u00e1ri \u00d6nkorm\u00e1nyzat ebben az&nbsp;\u00e9vben is megszervezi a ker\u00fcleti ny\u00e1ri napk\u00f6zis t\u00e1bort. Az I. ker\u00fcletben \u00e9l\u0151 illetve I. ker\u00fcleti int\u00e9zm\u00e9nyben tanul\u00f3, \u00e1ltal\u00e1nos iskol\u00e1s kor\u00fa (6-14&nbsp;\u00e9ves) gyermekek r\u00e9sz\u00e9re 7 h\u00e9ten kereszt\u00fcl biztos\u00edtja az <a href=\"https:\/\/kosztolanyigimnazium.hu\/?p=5210\" class=\"read-more\">Olvass tov\u00e1bb&#8230;<\/a><\/p>\n","protected":false},"author":273,"featured_media":0,"comment_status":"open","ping_status":"closed","sticky":false,"template":"","format":"standard","meta":{"footnotes":""},"categories":[4,3],"tags":[],"class_list":["post-5210","post","type-post","status-publish","format-standard","hentry","category-esemenyek","category-hirek"],"_links":{"self":[{"href":"https:\/\/kosztolanyigimnazium.hu\/index.php?rest_route=\/wp\/v2\/posts\/5210","targetHints":{"allow":["GET"]}}],"collection":[{"href":"https:\/\/kosztolanyigimnazium.hu\/index.php?rest_route=\/wp\/v2\/posts"}],"about":[{"href":"https:\/\/kosztolanyigimnazium.hu\/index.php?rest_route=\/wp\/v2\/types\/post"}],"author":[{"embeddable":true,"href":"https:\/\/kosztolanyigimnazium.hu\/index.php?rest_route=\/wp\/v2\/users\/273"}],"replies":[{"embeddable":true,"href":"https:\/\/kosztolanyigimnazium.hu\/index.php?rest_route=%2Fwp%2Fv2%2Fcomments&post=5210"}],"version-history":[{"count":1,"href":"https:\/\/kosztolanyigimnazium.hu\/index.php?rest_route=\/wp\/v2\/posts\/5210\/revisions"}],"predecessor-version":[{"id":5211,"href":"https:\/\/kosztolanyigimnazium.hu\/index.php?rest_route=\/wp\/v2\/posts\/5210\/revisions\/5211"}],"wp:attachment":[{"href":"https:\/\/kosztolanyigimnazium.hu\/index.php?rest_route=%2Fwp%2Fv2%2Fmedia&parent=5210"}],"wp:term":[{"taxonomy":"category","embeddable":true,"href":"https:\/\/kosztolanyigimnazium.hu\/index.php?rest_route=%2Fwp%2Fv2%2Fcategories&post=5210"},{"taxonomy":"post_tag","embeddable":true,"href":"https:\/\/kosztolanyigimnazium.hu\/index.php?rest_route=%2Fwp%2Fv2%2Ftags&post=5210"}],"curies":[{"name":"wp","href":"https:\/\/api.w.org\/{rel}","templated":true}]}}