{"id":5277,"date":"2025-09-30T09:40:55","date_gmt":"2025-09-30T08:40:55","guid":{"rendered":"https:\/\/kosztolanyigimnazium.hu\/?p=5277"},"modified":"2025-09-30T09:47:05","modified_gmt":"2025-09-30T08:47:05","slug":"nyilt-napok","status":"publish","type":"post","link":"https:\/\/kosztolanyigimnazium.hu\/?p=5277","title":{"rendered":"Nyilt napok"},"content":{"rendered":"\n<h2 class=\"wp-block-heading\">Iskol\u00e1nk leend\u0151 di\u00e1kjainak \u00e9s az \u00e9rdekl\u0151d\u0151knek, sz\u00fcleiknek tart ny\u00edlt napot \u00e9s sz\u00fcl\u0151i t\u00e1j\u00e9koztat\u00f3t.<\/h2>\n\n\n\n<h2 class=\"wp-block-heading\"><strong>Sz\u00fcl\u0151i t\u00e1j\u00e9koztat\u00f3 4 \u00e9vfolyamosba jelentkez\u0151k sz\u00fcleinek (9.-be men\u0151k):<\/strong><\/h2>\n\n\n\n<ul class=\"wp-block-list\">\n<li>2025. november 12-\u00e9n 17:00 \u00f3rakor\u00a0<strong>(szem\u00e9lyes)<\/strong><\/li>\n<\/ul>\n\n\n\n<h2 class=\"wp-block-heading\">Nyilt nap:<\/h2>\n\n\n\n<ul class=\"wp-block-list\">\n<li>2025 okt\u00f3ber 9-ei ny\u00edlt napra jelentkez\u00e9s (8-asok) \u2013\u00a0<a href=\"https:\/\/forms.gle\/ME8xZnNFiJEGhW4e7.\">regisztr\u00e1ci\u00f3<\/a><\/li>\n\n\n\n<li>2025 november 5-ei ny\u00edlt napra jelentkez\u00e9s\u00a0 (8-asok) \u2013 hamarosan<\/li>\n<\/ul>\n\n\n\n<p><em>Sz\u00fcl\u0151i t\u00e1j\u00e9koztat\u00f3k k\u00f6z\u00f6tt tartalomban nincsen k\u00fcl\u00f6nbs\u00e9g!<\/em><\/p>\n\n\n\n<h2 class=\"wp-block-heading\"><strong>Sz\u00fcl\u0151i t\u00e1j\u00e9koztat\u00f3 8 \u00e9vfolyamosba jelentkez\u0151k sz\u00fcleinek (leend\u0151 5-esek):<\/strong><\/h2>\n\n\n\n<ul class=\"wp-block-list\">\n<li>2025. okt\u00f3ber 9-\u00e9n 17:00 \u00f3rakor (szem\u00e9lyes)<\/li>\n\n\n\n<li>2025.\u00a0\u00a0november 5-\u00e9n\u00a017:00 \u00f3rakor (szem\u00e9lyes)<\/li>\n<\/ul>\n\n\n\n<h2 class=\"wp-block-heading\">Nyilt nap:<\/h2>\n\n\n\n<ul class=\"wp-block-list\">\n<li>2025 november 12-ei ny\u00edlt napra jelentkez\u00e9s (4-esek) \u2013 hamarosan<\/li>\n<\/ul>\n\n\n\n<p><em>Sz\u00fcl\u0151i t\u00e1j\u00e9koztat\u00f3k k\u00f6z\u00f6tt tartalomban nincsen k\u00fcl\u00f6nbs\u00e9g!<\/em><\/p>\n","protected":false},"excerpt":{"rendered":"<p>Iskol\u00e1nk leend\u0151 di\u00e1kjainak \u00e9s az \u00e9rdekl\u0151d\u0151knek, sz\u00fcleiknek tart ny\u00edlt napot \u00e9s sz\u00fcl\u0151i t\u00e1j\u00e9koztat\u00f3t. Sz\u00fcl\u0151i t\u00e1j\u00e9koztat\u00f3 4 \u00e9vfolyamosba jelentkez\u0151k sz\u00fcleinek (9.-be men\u0151k): Nyilt nap: Sz\u00fcl\u0151i t\u00e1j\u00e9koztat\u00f3k k\u00f6z\u00f6tt tartalomban nincsen k\u00fcl\u00f6nbs\u00e9g! Sz\u00fcl\u0151i t\u00e1j\u00e9koztat\u00f3 8 \u00e9vfolyamosba jelentkez\u0151k sz\u00fcleinek (leend\u0151 5-esek): Nyilt nap: Sz\u00fcl\u0151i <a href=\"https:\/\/kosztolanyigimnazium.hu\/?p=5277\" class=\"read-more\">Olvass tov\u00e1bb&#8230;<\/a><\/p>\n","protected":false},"author":260,"featured_media":0,"comment_status":"open","ping_status":"closed","sticky":false,"template":"","format":"standard","meta":{"footnotes":""},"categories":[173],"tags":[],"class_list":["post-5277","post","type-post","status-publish","format-standard","hentry","category-beiskolazat"],"_links":{"self":[{"href":"https:\/\/kosztolanyigimnazium.hu\/index.php?rest_route=\/wp\/v2\/posts\/5277","targetHints":{"allow":["GET"]}}],"collection":[{"href":"https:\/\/kosztolanyigimnazium.hu\/index.php?rest_route=\/wp\/v2\/posts"}],"about":[{"href":"https:\/\/kosztolanyigimnazium.hu\/index.php?rest_route=\/wp\/v2\/types\/post"}],"author":[{"embeddable":true,"href":"https:\/\/kosztolanyigimnazium.hu\/index.php?rest_route=\/wp\/v2\/users\/260"}],"replies":[{"embeddable":true,"href":"https:\/\/kosztolanyigimnazium.hu\/index.php?rest_route=%2Fwp%2Fv2%2Fcomments&post=5277"}],"version-history":[{"count":2,"href":"https:\/\/kosztolanyigimnazium.hu\/index.php?rest_route=\/wp\/v2\/posts\/5277\/revisions"}],"predecessor-version":[{"id":5291,"href":"https:\/\/kosztolanyigimnazium.hu\/index.php?rest_route=\/wp\/v2\/posts\/5277\/revisions\/5291"}],"wp:attachment":[{"href":"https:\/\/kosztolanyigimnazium.hu\/index.php?rest_route=%2Fwp%2Fv2%2Fmedia&parent=5277"}],"wp:term":[{"taxonomy":"category","embeddable":true,"href":"https:\/\/kosztolanyigimnazium.hu\/index.php?rest_route=%2Fwp%2Fv2%2Fcategories&post=5277"},{"taxonomy":"post_tag","embeddable":true,"href":"https:\/\/kosztolanyigimnazium.hu\/index.php?rest_route=%2Fwp%2Fv2%2Ftags&post=5277"}],"curies":[{"name":"wp","href":"https:\/\/api.w.org\/{rel}","templated":true}]}}